{"id":68522,"date":"2024-07-11T08:30:18","date_gmt":"2024-07-11T06:30:18","guid":{"rendered":"https:\/\/nubedian.de\/?p=68522"},"modified":"2025-09-01T15:03:18","modified_gmt":"2025-09-01T13:03:18","slug":"vitanas","status":"publish","type":"post","link":"https:\/\/nubedian.de\/en\/vitanas\/","title":{"rendered":"Vitanas Gruppe setzt f\u00fcr den digitalen Wandel  im Aufnahme- und Entlassmanagement auf Caseform"},"content":{"rendered":"<div class=\"fusion-fullwidth fullwidth-box fusion-builder-row-1 nonhundred-percent-fullwidth non-hundred-percent-height-scrolling\" style=\"--awb-border-radius-top-left:0px;--awb-border-radius-top-right:0px;--awb-border-radius-bottom-right:0px;--awb-border-radius-bottom-left:0px;--awb-flex-wrap:wrap;\" ><div class=\"fusion-builder-row fusion-row\"><div class=\"fusion-layout-column fusion_builder_column fusion-builder-column-0 fusion_builder_column_1_1 1_1 fusion-one-full fusion-column-first fusion-column-last\" style=\"--awb-bg-blend:overlay;--awb-bg-size:cover;\"><div class=\"fusion-column-wrapper fusion-flex-column-wrapper-legacy\"><div class=\"fusion-text fusion-text-1\"><p style=\"text-align: left;\"><em>Im Rahmen des KHZG wird die Einf\u00fchrung eines digitalen Patientenportals in Krankenh\u00e4usern notwendig. Das Patientenportal umfasst das Aufnahme-, Behandlungs- und Entlassmanagement, wobei letzteres mithilfe einer Entlassplattform abgewickelt wird. Infolgedessen m\u00fcssen auch Nachversorger den digitalen Weg einschlagen. Die Vitanas Gruppe geht diesen n\u00e4chsten Schritt und setzt dabei auf unsere Plattform f\u00fcr das digitale Entlassmanagement.<\/em><\/p>\n<h3 class=\"fusion-responsive-typography-calculated\" style=\"text-align: left; --fontsize: 28; line-height: 1.3;\" data-fontsize=\"28\" data-lineheight=\"36.4px\"><strong>Auswirkung des KHZG auf Pflegeheime<\/strong><\/h3>\n<p style=\"text-align: left;\">Im Rahmen des KHZG implementieren Krankenh\u00e4user digitale Patientenportale gem\u00e4\u00df F\u00f6rdertatbestand 2 ein. Diese Portale decken die Bereiche Aufnahme, Behandlung und Entlassung ab. In der Praxis gewinnen digitale Entlassplattformen zunehmend an Bedeutung, insbesondere f\u00fcr die Suche nach passender Nachsorge. Diese technologischen Ver\u00e4nderungen betreffen auch die nachversorgenden Leistungserbringer. Somit sind die Nachversorger ebenfalls gefordert, dieser Entwicklung zu folgen und sich langfristig digital aufstellen.<\/p>\n<h3 class=\"fusion-responsive-typography-calculated\" style=\"text-align: left; --fontsize: 28; line-height: 1.3;\" data-fontsize=\"28\" data-lineheight=\"36.4px\"><strong>Wandel bei der Vitanas Gruppe: vom Faxger\u00e4t zur Entlassplattform <\/strong><\/h3>\n<p style=\"text-align: left;\">Die Vitanas Gruppe m\u00f6chte aktiv an der Gestaltung des digitalen Wandels teilhaben und f\u00fchrt nun unsere Softwarel\u00f6sung Caseform ein. Vitanas betreibt derzeit bundesweit 42 Senioren Centren mit unterschiedlichen Wohn- und Pflegeformen (vollstation\u00e4re Pflege, Service Wohnen, Wohngemeinschaften, Tagespflege), eine geriatrische Klinik, sechs ambulante Dienste, zwei psychiatrische und eine heilp\u00e4dagogische Einrichtung. Erg\u00e4nzt wird das Leistungsportfolio durch die Vitanas Akademie &#8211; eine staatlich anerkannten Pflegeschule &#8211; sowie den Dienstleistungsangeboten der Tochtergesellschaften Vitanas Facility Services und Vitanas Clean. An allen Standorten der Unternehmensgruppe k\u00fcmmern sich rund 5.000 Mitarbeiter liebevoll rund um die Uhr um Bewohner, Klienten, Patienten und Mieter. Vitanas ist weiterhin auf Expansionskurs, derzeit sind zwei Projekte im Bau und zwei weitere in Projektierung. 2024 feiert die Vitanas Gruppe bereits ihr 55-j\u00e4hriges Jubil\u00e4um. Bisher erfolgte die Kommunikation mit den Kliniken in der t\u00e4glichen Arbeit \u00fcber Telefon und Fax. Der Aufnahme- und Entlassprozess war nicht nur zeitaufw\u00e4ndig, sondern f\u00fchrte auch dazu, dass Patienteninformationen h\u00e4ufig unstrukturiert und dezentral vorlagen. Die Einf\u00fchrung der Entlassplattform Caseform soll dem nun entgegenwirken, indem Versorgungsbedarfe und -angebote von Krankenh\u00e4usern und Nachversorgern passend zusammenf\u00fchrt werden.<\/p>\n<h3 class=\"fusion-responsive-typography-calculated\" style=\"text-align: left; --fontsize: 28; line-height: 1.3;\" data-fontsize=\"28\" data-lineheight=\"36.4px\"><strong>Entlassplattform optimiert Patientenstr\u00f6me <\/strong><\/h3>\n<p style=\"text-align: left;\">Zuk\u00fcnftig erh\u00e4lt der Pflegeheimbetreiber in Echtzeit passgenaue und strukturierte Anfragen basierend auf den aktuellen Kapazit\u00e4ten. Der Datenaustausch mit den Kliniken erfolgt datenschutzkonform und unter Verwendung modernster Verschl\u00fcsselungstechnologien, wodurch Chat-Nachrichten und Dokumente sicher \u00fcber die Plattform ausgetauscht werden k\u00f6nnen.<\/p>\n<p style=\"text-align: left;\">Durch die fr\u00fchzeitige Organisation und effektive Steuerung der Bewohnerstr\u00f6me erm\u00f6glicht die Plattform eine Optimierung des Bettenmanagements, was wiederum zu einer idealen Bettenauslastung f\u00fchrt. Die Einf\u00fchrung neuer Kommunikations- und Organisationsprozesse verschafft den Pflegefachkr\u00e4ften von Vitanas zus\u00e4tzliche Zeit, die sie in Pflege und Betreuung investieren k\u00f6nnen.<\/p>\n<p style=\"text-align: left;\">Vitanas ist damit einen bedeutenden Schritt in Richtung Digitalisierung und Verbesserung seiner Pflegeprozesse gegangen. Durch die innovative Technologie bereitet sich das Unternehmen nicht nur auf den digitalen Umbruch vor, sondern schafft auch Raum f\u00fcr eine noch patientenorientiertere Versorgung. So investiert Vitanas dahingehend nicht nur in die eigene Zukunft, sondern vor allem in das Wohlbefinden und die Zufriedenheit seiner Bewohner.<\/p>\n<\/div><div class=\"fusion-sep-clear\"><\/div><div class=\"fusion-separator fusion-full-width-sep\" style=\"margin-left: auto;margin-right: auto;margin-top:30px;width:100%;\"><\/div><div class=\"fusion-sep-clear\"><\/div><div class=\"fusion-sep-clear\"><\/div><div class=\"fusion-separator fusion-full-width-sep\" style=\"margin-left: auto;margin-right: auto;margin-top:30px;width:100%;\"><div class=\"fusion-separator-border sep-single sep-dashed\" style=\"--awb-height:20px;--awb-amount:20px;--awb-sep-color:#f4f6f7;border-color:#f4f6f7;border-top-width:1px;\"><\/div><\/div><div class=\"fusion-sep-clear\"><\/div><div class=\"fusion-section-separator section-separator triangle fusion-section-separator-1\" style=\"--awb-border-top:1px solid #edeef2;--awb-spacer-height:1px;--awb-svg-margin-left:0;--awb-svg-margin-right:0;--awb-icon-color:#ffffff;\"><div class=\"fusion-section-separator-svg\"><div class=\"divider-candy-arrow top\" style=\"bottom:0px;border-bottom-color: #f4f6f7;\"><\/div><div class=\"divider-candy top\" style=\"top:-21px;border-bottom:1px solid #edeef2;border-left:1px solid #edeef2;\"><\/div><\/div><div class=\"fusion-section-separator-spacer\"><div class=\"fusion-section-separator-spacer-height\"><\/div><\/div><\/div><div class=\"fusion-sep-clear\"><\/div><div class=\"fusion-separator fusion-full-width-sep\" style=\"margin-left: auto;margin-right: auto;margin-top:30px;width:100%;\"><\/div><div class=\"fusion-sep-clear\"><\/div><div class=\"fusion-recent-posts fusion-recent-posts-1 avada-container layout-default layout-columns-3 fusion-recent-posts-infinite fusion-recent-posts-load-more\" data-pages=\"31\"><section class=\"fusion-columns columns fusion-columns-3 columns-3\"><article class=\"post fusion-column column col col-lg-4 col-md-4 col-sm-4\"><div class=\"recent-posts-content\"><span class=\"vcard\" style=\"display: none;\"><span class=\"fn\"><a href=\"https:\/\/nubedian.de\/en\/author\/popovanubedian-de\/\" title=\"Posts by popova@nubedian.de\" rel=\"author\">popova@nubedian.de<\/a><\/span><\/span><span class=\"updated\" style=\"display:none;\">2025-10-08T12:53:20+02:00<\/span><h4 class=\"entry-title\"><a href=\"https:\/\/nubedian.de\/en\/stimmen-aus-dem-versorgernetzwerk-12-pflegeberatung\/\">Stimmen aus dem Versorgernetzwerk: #12 Pflegeberatung<\/a><\/h4><p class=\"meta\"><span class=\"vcard\" style=\"display: none;\"><span class=\"fn\"><a href=\"https:\/\/nubedian.de\/en\/author\/popovanubedian-de\/\" title=\"Posts by popova@nubedian.de\" rel=\"author\">popova@nubedian.de<\/a><\/span><\/span><span class=\"updated\" style=\"display:none;\">2025-10-08T12:53:20+02:00<\/span><span>08.10.2025<\/span><span class=\"fusion-inline-sep\">|<\/span><\/p><p> Mit unserer Entlassplattform Caseform bieten wir eine zentrale Schnittstelle zwischen Krankenh\u00e4usern und nachgelagerten Leistungserbringern. Aufgrund dieser Vermittlerrolle erhalten wir wertvolle Einblicke von verschiedensten Gesundheitsakteuren. Diese vielf\u00e4ltigen Perspektiven m\u00f6chten wir mit Ihnen teilen und den [...]<\/p><\/div><\/article><article class=\"post fusion-column column col col-lg-4 col-md-4 col-sm-4\"><div class=\"recent-posts-content\"><span class=\"vcard\" style=\"display: none;\"><span class=\"fn\"><a href=\"https:\/\/nubedian.de\/en\/author\/popovanubedian-de\/\" title=\"Posts by popova@nubedian.de\" rel=\"author\">popova@nubedian.de<\/a><\/span><\/span><span class=\"updated\" style=\"display:none;\">2025-09-02T09:18:16+02:00<\/span><h4 class=\"entry-title\"><a href=\"https:\/\/nubedian.de\/en\/nubedian-besucht-pflegestuetzpunkte\/\">nubedian besucht Pflegest\u00fctzpunkte in Berlin<\/a><\/h4><p class=\"meta\"><span class=\"vcard\" style=\"display: none;\"><span class=\"fn\"><a href=\"https:\/\/nubedian.de\/en\/author\/popovanubedian-de\/\" title=\"Posts by popova@nubedian.de\" rel=\"author\">popova@nubedian.de<\/a><\/span><\/span><span class=\"updated\" style=\"display:none;\">2025-09-02T09:18:16+02:00<\/span><span>10.09.2025<\/span><span class=\"fusion-inline-sep\">|<\/span><\/p><p> Im August war unser Team in Berlin unterwegs, um vor Ort bei Pflegest\u00fctzpunkten pr\u00e4sent zu sein und die digitalen M\u00f6glichkeiten von CareCM in die Realit\u00e4t zu bringen. Durch pers\u00f6nliche Gespr\u00e4che mit Tr\u00e4gern, Verst\u00e4ndnis f\u00fcr [...]<\/p><\/div><\/article><article class=\"post fusion-column column col col-lg-4 col-md-4 col-sm-4\"><div class=\"recent-posts-content\"><span class=\"vcard\" style=\"display: none;\"><span class=\"fn\"><a href=\"https:\/\/nubedian.de\/en\/author\/hannappelnubedian-de\/\" title=\"Posts by hannappel@nubedian.de\" rel=\"author\">hannappel@nubedian.de<\/a><\/span><\/span><span class=\"updated\" style=\"display:none;\">2025-10-08T12:51:46+02:00<\/span><h4 class=\"entry-title\"><a href=\"https:\/\/nubedian.de\/en\/stimmen-aus-dem-versorgernetzwerk-11-sozialwirtschaft\/\">Stimmen aus dem Versorgernetzwerk: #11 Sozialwirtschaft<\/a><\/h4><p class=\"meta\"><span class=\"vcard\" style=\"display: none;\"><span class=\"fn\"><a href=\"https:\/\/nubedian.de\/en\/author\/hannappelnubedian-de\/\" title=\"Posts by hannappel@nubedian.de\" rel=\"author\">hannappel@nubedian.de<\/a><\/span><\/span><span class=\"updated\" style=\"display:none;\">2025-10-08T12:51:46+02:00<\/span><span>20.08.2025<\/span><span class=\"fusion-inline-sep\">|<\/span><\/p><p> Mit unserer Entlassplattform Caseform bieten wir eine zentrale Schnittstelle zwischen Krankenh\u00e4usern und nachgelagerten Leistungserbringern. Aufgrund dieser Vermittlerrolle erhalten wir wertvolle Einblicke von verschiedensten Gesundheitsakteuren. Diese vielf\u00e4ltigen Perspektiven m\u00f6chten wir mit Ihnen teilen und den [...]<\/p><\/div><\/article><\/section><div class=\"fusion-infinite-scroll-trigger\"><\/div><div class=\"pagination infinite-scroll clearfix\" style=\"display:none;\"><span class=\"current\">1<\/span><a href=\"https:\/\/nubedian.de\/en\/wp-json\/wp\/v2\/posts\/68522\/page\/2\/\" class=\"inactive\">2<\/a><a class=\"pagination-next\" rel=\"next\" href=\"https:\/\/nubedian.de\/en\/wp-json\/wp\/v2\/posts\/68522\/page\/2\/\"><span class=\"page-text\">Next<\/span><span class=\"page-next\"><\/span><\/a><\/div><div class=\"fusion-clearfix\"><\/div><button class=\"fusion-load-more-button fusion-blog-button fusion-clearfix\">Load More Posts<\/button><\/div><div class=\"fusion-sep-clear\"><\/div><div class=\"fusion-separator fusion-full-width-sep\" style=\"margin-left: auto;margin-right: auto;margin-top:30px;width:100%;\"><\/div><div class=\"fusion-sep-clear\"><\/div><div class=\"fusion-clearfix\"><\/div><\/div><\/div><\/div><\/div>\n","protected":false},"excerpt":{"rendered":"","protected":false},"author":4,"featured_media":68528,"comment_status":"closed","ping_status":"open","sticky":false,"template":"","format":"standard","meta":{"footnotes":""},"categories":[169],"tags":[],"class_list":["post-68522","post","type-post","status-publish","format-standard","has-post-thumbnail","hentry","category-pressemitteilung"],"yoast_head":"<!-- This site is optimized with the Yoast SEO plugin v27.4 - https:\/\/yoast.com\/product\/yoast-seo-wordpress\/ -->\n<title>Vitanas Gruppe setzt auf Entlassplattform Caseform<\/title>\n<meta name=\"description\" content=\"Die Vitanas Gruppe, einer der gr\u00f6\u00dften privaten Pflegeheimbetreiber Deutschlands, setzt auf die Entlass- und \u00dcberleitungsplattform Caseform.\" \/>\n<meta name=\"robots\" content=\"index, follow, max-snippet:-1, max-image-preview:large, max-video-preview:-1\" \/>\n<link rel=\"canonical\" href=\"https:\/\/nubedian.de:8443\/en\/vitanas\/\" \/>\n<meta property=\"og:locale\" content=\"en_US\" \/>\n<meta property=\"og:type\" content=\"article\" \/>\n<meta property=\"og:title\" content=\"Vitanas Gruppe setzt auf Entlassplattform Caseform\" \/>\n<meta property=\"og:description\" content=\"Die Vitanas Gruppe, einer der gr\u00f6\u00dften privaten Pflegeheimbetreiber Deutschlands, setzt auf die Entlass- und \u00dcberleitungsplattform Caseform.\" \/>\n<meta property=\"og:url\" content=\"https:\/\/nubedian.de:8443\/en\/vitanas\/\" \/>\n<meta property=\"og:site_name\" content=\"nubedian GmbH\" \/>\n<meta property=\"article:publisher\" content=\"https:\/\/www.facebook.com\/nubedian\" \/>\n<meta property=\"article:published_time\" content=\"2024-07-11T06:30:18+00:00\" \/>\n<meta property=\"article:modified_time\" content=\"2025-09-01T13:03:18+00:00\" \/>\n<meta property=\"og:image\" content=\"https:\/\/nubedian.de:8443\/wp-content\/uploads\/2024\/05\/post6.png\" \/>\n\t<meta property=\"og:image:width\" content=\"1200\" \/>\n\t<meta property=\"og:image:height\" content=\"627\" \/>\n\t<meta property=\"og:image:type\" content=\"image\/png\" \/>\n<meta name=\"author\" content=\"kolberg@nubedian.de\" \/>\n<meta name=\"twitter:card\" content=\"summary_large_image\" \/>\n<meta name=\"twitter:label1\" content=\"Written by\" \/>\n\t<meta name=\"twitter:data1\" content=\"kolberg@nubedian.de\" \/>\n\t<meta name=\"twitter:label2\" content=\"Est. reading time\" \/>\n\t<meta name=\"twitter:data2\" content=\"4 minutes\" \/>\n<script type=\"application\/ld+json\" class=\"yoast-schema-graph\">{\"@context\":\"https:\\\/\\\/schema.org\",\"@graph\":[{\"@type\":\"Article\",\"@id\":\"https:\\\/\\\/nubedian.de:8443\\\/vitanas\\\/#article\",\"isPartOf\":{\"@id\":\"https:\\\/\\\/nubedian.de:8443\\\/vitanas\\\/\"},\"author\":{\"name\":\"kolberg@nubedian.de\",\"@id\":\"https:\\\/\\\/nubedian.de\\\/#\\\/schema\\\/person\\\/71115c59d6ad2118869be92e88c5b498\"},\"headline\":\"Vitanas Gruppe setzt f\u00fcr den digitalen Wandel im Aufnahme- und Entlassmanagement auf Caseform\",\"datePublished\":\"2024-07-11T06:30:18+00:00\",\"dateModified\":\"2025-09-01T13:03:18+00:00\",\"mainEntityOfPage\":{\"@id\":\"https:\\\/\\\/nubedian.de:8443\\\/vitanas\\\/\"},\"wordCount\":806,\"image\":{\"@id\":\"https:\\\/\\\/nubedian.de:8443\\\/vitanas\\\/#primaryimage\"},\"thumbnailUrl\":\"https:\\\/\\\/nubedian.de\\\/wp-content\\\/uploads\\\/2024\\\/05\\\/post6.png\",\"articleSection\":[\"Pressemitteilung\"],\"inLanguage\":\"en-US\"},{\"@type\":\"WebPage\",\"@id\":\"https:\\\/\\\/nubedian.de:8443\\\/vitanas\\\/\",\"url\":\"https:\\\/\\\/nubedian.de:8443\\\/vitanas\\\/\",\"name\":\"Vitanas Gruppe setzt auf Entlassplattform Caseform\",\"isPartOf\":{\"@id\":\"https:\\\/\\\/nubedian.de\\\/#website\"},\"primaryImageOfPage\":{\"@id\":\"https:\\\/\\\/nubedian.de:8443\\\/vitanas\\\/#primaryimage\"},\"image\":{\"@id\":\"https:\\\/\\\/nubedian.de:8443\\\/vitanas\\\/#primaryimage\"},\"thumbnailUrl\":\"https:\\\/\\\/nubedian.de\\\/wp-content\\\/uploads\\\/2024\\\/05\\\/post6.png\",\"datePublished\":\"2024-07-11T06:30:18+00:00\",\"dateModified\":\"2025-09-01T13:03:18+00:00\",\"author\":{\"@id\":\"https:\\\/\\\/nubedian.de\\\/#\\\/schema\\\/person\\\/71115c59d6ad2118869be92e88c5b498\"},\"description\":\"Die Vitanas Gruppe, einer der gr\u00f6\u00dften privaten Pflegeheimbetreiber Deutschlands, setzt auf die Entlass- und \u00dcberleitungsplattform Caseform.\",\"breadcrumb\":{\"@id\":\"https:\\\/\\\/nubedian.de:8443\\\/vitanas\\\/#breadcrumb\"},\"inLanguage\":\"en-US\",\"potentialAction\":[{\"@type\":\"ReadAction\",\"target\":[\"https:\\\/\\\/nubedian.de:8443\\\/vitanas\\\/\"]}]},{\"@type\":\"ImageObject\",\"inLanguage\":\"en-US\",\"@id\":\"https:\\\/\\\/nubedian.de:8443\\\/vitanas\\\/#primaryimage\",\"url\":\"https:\\\/\\\/nubedian.de\\\/wp-content\\\/uploads\\\/2024\\\/05\\\/post6.png\",\"contentUrl\":\"https:\\\/\\\/nubedian.de\\\/wp-content\\\/uploads\\\/2024\\\/05\\\/post6.png\",\"width\":1200,\"height\":627,\"caption\":\"Vitas x nubedian\"},{\"@type\":\"BreadcrumbList\",\"@id\":\"https:\\\/\\\/nubedian.de:8443\\\/vitanas\\\/#breadcrumb\",\"itemListElement\":[{\"@type\":\"ListItem\",\"position\":1,\"name\":\"Home\",\"item\":\"https:\\\/\\\/nubedian.de\\\/\"},{\"@type\":\"ListItem\",\"position\":2,\"name\":\"Vitanas Gruppe setzt f\u00fcr den digitalen Wandel im Aufnahme- und Entlassmanagement auf Caseform\"}]},{\"@type\":\"WebSite\",\"@id\":\"https:\\\/\\\/nubedian.de\\\/#website\",\"url\":\"https:\\\/\\\/nubedian.de\\\/\",\"name\":\"nubedian GmbH\",\"description\":\"Ihr Softwarepartner f\u00fcr das Sozial- &amp; Gesundheitswesen\",\"potentialAction\":[{\"@type\":\"SearchAction\",\"target\":{\"@type\":\"EntryPoint\",\"urlTemplate\":\"https:\\\/\\\/nubedian.de\\\/?s={search_term_string}\"},\"query-input\":{\"@type\":\"PropertyValueSpecification\",\"valueRequired\":true,\"valueName\":\"search_term_string\"}}],\"inLanguage\":\"en-US\"},{\"@type\":\"Person\",\"@id\":\"https:\\\/\\\/nubedian.de\\\/#\\\/schema\\\/person\\\/71115c59d6ad2118869be92e88c5b498\",\"name\":\"kolberg@nubedian.de\",\"url\":\"https:\\\/\\\/nubedian.de\\\/en\\\/author\\\/kolbergnubedian-de\\\/\"}]}<\/script>\n<!-- \/ Yoast SEO plugin. -->","yoast_head_json":{"title":"Vitanas Gruppe setzt auf Entlassplattform Caseform","description":"Die Vitanas Gruppe, einer der gr\u00f6\u00dften privaten Pflegeheimbetreiber Deutschlands, setzt auf die Entlass- und \u00dcberleitungsplattform Caseform.","robots":{"index":"index","follow":"follow","max-snippet":"max-snippet:-1","max-image-preview":"max-image-preview:large","max-video-preview":"max-video-preview:-1"},"canonical":"https:\/\/nubedian.de:8443\/en\/vitanas\/","og_locale":"en_US","og_type":"article","og_title":"Vitanas Gruppe setzt auf Entlassplattform Caseform","og_description":"Die Vitanas Gruppe, einer der gr\u00f6\u00dften privaten Pflegeheimbetreiber Deutschlands, setzt auf die Entlass- und \u00dcberleitungsplattform Caseform.","og_url":"https:\/\/nubedian.de:8443\/en\/vitanas\/","og_site_name":"nubedian GmbH","article_publisher":"https:\/\/www.facebook.com\/nubedian","article_published_time":"2024-07-11T06:30:18+00:00","article_modified_time":"2025-09-01T13:03:18+00:00","og_image":[{"width":1200,"height":627,"url":"https:\/\/nubedian.de:8443\/wp-content\/uploads\/2024\/05\/post6.png","type":"image\/png"}],"author":"kolberg@nubedian.de","twitter_card":"summary_large_image","twitter_misc":{"Written by":"kolberg@nubedian.de","Est. reading time":"4 minutes"},"schema":{"@context":"https:\/\/schema.org","@graph":[{"@type":"Article","@id":"https:\/\/nubedian.de:8443\/vitanas\/#article","isPartOf":{"@id":"https:\/\/nubedian.de:8443\/vitanas\/"},"author":{"name":"kolberg@nubedian.de","@id":"https:\/\/nubedian.de\/#\/schema\/person\/71115c59d6ad2118869be92e88c5b498"},"headline":"Vitanas Gruppe setzt f\u00fcr den digitalen Wandel im Aufnahme- und Entlassmanagement auf Caseform","datePublished":"2024-07-11T06:30:18+00:00","dateModified":"2025-09-01T13:03:18+00:00","mainEntityOfPage":{"@id":"https:\/\/nubedian.de:8443\/vitanas\/"},"wordCount":806,"image":{"@id":"https:\/\/nubedian.de:8443\/vitanas\/#primaryimage"},"thumbnailUrl":"https:\/\/nubedian.de\/wp-content\/uploads\/2024\/05\/post6.png","articleSection":["Pressemitteilung"],"inLanguage":"en-US"},{"@type":"WebPage","@id":"https:\/\/nubedian.de:8443\/vitanas\/","url":"https:\/\/nubedian.de:8443\/vitanas\/","name":"Vitanas Gruppe setzt auf Entlassplattform Caseform","isPartOf":{"@id":"https:\/\/nubedian.de\/#website"},"primaryImageOfPage":{"@id":"https:\/\/nubedian.de:8443\/vitanas\/#primaryimage"},"image":{"@id":"https:\/\/nubedian.de:8443\/vitanas\/#primaryimage"},"thumbnailUrl":"https:\/\/nubedian.de\/wp-content\/uploads\/2024\/05\/post6.png","datePublished":"2024-07-11T06:30:18+00:00","dateModified":"2025-09-01T13:03:18+00:00","author":{"@id":"https:\/\/nubedian.de\/#\/schema\/person\/71115c59d6ad2118869be92e88c5b498"},"description":"Die Vitanas Gruppe, einer der gr\u00f6\u00dften privaten Pflegeheimbetreiber Deutschlands, setzt auf die Entlass- und \u00dcberleitungsplattform Caseform.","breadcrumb":{"@id":"https:\/\/nubedian.de:8443\/vitanas\/#breadcrumb"},"inLanguage":"en-US","potentialAction":[{"@type":"ReadAction","target":["https:\/\/nubedian.de:8443\/vitanas\/"]}]},{"@type":"ImageObject","inLanguage":"en-US","@id":"https:\/\/nubedian.de:8443\/vitanas\/#primaryimage","url":"https:\/\/nubedian.de\/wp-content\/uploads\/2024\/05\/post6.png","contentUrl":"https:\/\/nubedian.de\/wp-content\/uploads\/2024\/05\/post6.png","width":1200,"height":627,"caption":"Vitas x nubedian"},{"@type":"BreadcrumbList","@id":"https:\/\/nubedian.de:8443\/vitanas\/#breadcrumb","itemListElement":[{"@type":"ListItem","position":1,"name":"Home","item":"https:\/\/nubedian.de\/"},{"@type":"ListItem","position":2,"name":"Vitanas Gruppe setzt f\u00fcr den digitalen Wandel im Aufnahme- und Entlassmanagement auf Caseform"}]},{"@type":"WebSite","@id":"https:\/\/nubedian.de\/#website","url":"https:\/\/nubedian.de\/","name":"nubedian GmbH","description":"Ihr Softwarepartner f\u00fcr das Sozial- &amp; Gesundheitswesen","potentialAction":[{"@type":"SearchAction","target":{"@type":"EntryPoint","urlTemplate":"https:\/\/nubedian.de\/?s={search_term_string}"},"query-input":{"@type":"PropertyValueSpecification","valueRequired":true,"valueName":"search_term_string"}}],"inLanguage":"en-US"},{"@type":"Person","@id":"https:\/\/nubedian.de\/#\/schema\/person\/71115c59d6ad2118869be92e88c5b498","name":"kolberg@nubedian.de","url":"https:\/\/nubedian.de\/en\/author\/kolbergnubedian-de\/"}]}},"_links":{"self":[{"href":"https:\/\/nubedian.de\/en\/wp-json\/wp\/v2\/posts\/68522","targetHints":{"allow":["GET"]}}],"collection":[{"href":"https:\/\/nubedian.de\/en\/wp-json\/wp\/v2\/posts"}],"about":[{"href":"https:\/\/nubedian.de\/en\/wp-json\/wp\/v2\/types\/post"}],"author":[{"embeddable":true,"href":"https:\/\/nubedian.de\/en\/wp-json\/wp\/v2\/users\/4"}],"replies":[{"embeddable":true,"href":"https:\/\/nubedian.de\/en\/wp-json\/wp\/v2\/comments?post=68522"}],"version-history":[{"count":7,"href":"https:\/\/nubedian.de\/en\/wp-json\/wp\/v2\/posts\/68522\/revisions"}],"predecessor-version":[{"id":71866,"href":"https:\/\/nubedian.de\/en\/wp-json\/wp\/v2\/posts\/68522\/revisions\/71866"}],"wp:featuredmedia":[{"embeddable":true,"href":"https:\/\/nubedian.de\/en\/wp-json\/wp\/v2\/media\/68528"}],"wp:attachment":[{"href":"https:\/\/nubedian.de\/en\/wp-json\/wp\/v2\/media?parent=68522"}],"wp:term":[{"taxonomy":"category","embeddable":true,"href":"https:\/\/nubedian.de\/en\/wp-json\/wp\/v2\/categories?post=68522"},{"taxonomy":"post_tag","embeddable":true,"href":"https:\/\/nubedian.de\/en\/wp-json\/wp\/v2\/tags?post=68522"}],"curies":[{"name":"wp","href":"https:\/\/api.w.org\/{rel}","templated":true}]}}